{"id":405,"date":"2025-04-04T14:02:31","date_gmt":"2025-04-04T12:02:31","guid":{"rendered":"https:\/\/www.chateaudeboussac.com\/?p=405"},"modified":"2025-04-04T14:11:22","modified_gmt":"2025-04-04T12:11:22","slug":"ete-2025","status":"publish","type":"post","link":"https:\/\/www.chateaudeboussac.com\/?p=405","title":{"rendered":"Et\u00e9 2025"},"content":{"rendered":"\n<figure class=\"wp-container-2 wp-block-gallery-1 wp-block-gallery has-nested-images columns-default is-cropped\">\n<figure class=\"wp-block-image size-large\"><img loading=\"lazy\" width=\"724\" height=\"1024\" data-id=\"408\"  src=\"https:\/\/www.chateaudeboussac.com\/wp-content\/uploads\/2025\/04\/AFFICHE_EXPO-1-724x1024.jpg\" alt=\"\" class=\"wp-image-408\" srcset=\"https:\/\/www.chateaudeboussac.com\/wp-content\/uploads\/2025\/04\/AFFICHE_EXPO-1-724x1024.jpg 724w, https:\/\/www.chateaudeboussac.com\/wp-content\/uploads\/2025\/04\/AFFICHE_EXPO-1-212x300.jpg 212w, https:\/\/www.chateaudeboussac.com\/wp-content\/uploads\/2025\/04\/AFFICHE_EXPO-1-768x1086.jpg 768w, https:\/\/www.chateaudeboussac.com\/wp-content\/uploads\/2025\/04\/AFFICHE_EXPO-1.jpg 835w\" sizes=\"(max-width: 724px) 100vw, 724px\" \/><\/figure>\n\n\n\n<figure class=\"wp-block-image size-large\"><img loading=\"lazy\" width=\"724\" height=\"1024\" data-id=\"407\"  src=\"https:\/\/www.chateaudeboussac.com\/wp-content\/uploads\/2025\/04\/AFFICHE_FESTIVAL-724x1024.jpg\" alt=\"\" class=\"wp-image-407\" srcset=\"https:\/\/www.chateaudeboussac.com\/wp-content\/uploads\/2025\/04\/AFFICHE_FESTIVAL-724x1024.jpg 724w, https:\/\/www.chateaudeboussac.com\/wp-content\/uploads\/2025\/04\/AFFICHE_FESTIVAL-212x300.jpg 212w, https:\/\/www.chateaudeboussac.com\/wp-content\/uploads\/2025\/04\/AFFICHE_FESTIVAL-768x1086.jpg 768w, https:\/\/www.chateaudeboussac.com\/wp-content\/uploads\/2025\/04\/AFFICHE_FESTIVAL.jpg 835w\" sizes=\"(max-width: 724px) 100vw, 724px\" \/><\/figure>\n<\/figure>\n\n\n\n<p class=\"has-small-font-size\">L&rsquo;\u00e9t\u00e9 2025 sera riche en animations au Ch\u00e2teau de Boussac :<\/p>\n\n\n\n<p class=\"has-small-font-size\">Hormis les habituels concerts et conf\u00e9rences marches, deux nouvelles animations pourraient vous int\u00e9resser <\/p>\n\n\n\n<p>Tout d&rsquo;abord une exposition temporaire <strong>CHEVALIERS<\/strong> compl\u00e8tera la visite des collections permanentes, pour tout renseignement <a href=\"chateaudeboussac@orange.fr\">chateaudeboussac@orange.fr <\/a><\/p>\n\n\n\n<p>Et les 26 et 27 juillet aura lieu dans le jardin public et le parc du Ch\u00e2teau une premi\u00e8re grande FETE MEDIEVALE<\/p>\n\n\n\n<p class=\"has-small-font-size\">March\u00e9 m\u00e9di\u00e9val<\/p>\n\n\n\n<p class=\"has-small-font-size\">Parc du Ch\u00e2teau de Boussac<\/p>\n\n\n\n<p class=\"has-small-font-size\">samedi de 10h \u00e0 22h, dimanche de 10h \u00e0 17h,<\/p>\n\n\n\n<p class=\"has-small-font-size\">Animations en journ\u00e9e<\/p>\n\n\n\n<p class=\"has-small-font-size\">Parc du Ch\u00e2teau de Boussac et Jardin Public<\/p>\n\n\n\n<p class=\"has-small-font-size\">Campement m\u00e9di\u00e9val<\/p>\n\n\n\n<p class=\"has-small-font-size\">Le quotidien d&rsquo;un soldat du XV\u00e8me si\u00e8cle<\/p>\n\n\n\n<p class=\"has-small-font-size\">\u00c9quipements militaires<\/p>\n\n\n\n<p class=\"has-small-font-size\">Tir \u00e0 l&rsquo;arbal\u00e8te<\/p>\n\n\n\n<p class=\"has-small-font-size\">Atelier de fonderie du Moyen Age<\/p>\n\n\n\n<p class=\"has-small-font-size\">Reconstitution historique sur la Guerre de Cent Ans<\/p>\n\n\n\n<p class=\"has-small-font-size\">D\u00e9monstration combat et armement commerce et artisanat de l&rsquo;\u00e9poque<\/p>\n\n\n\n<p class=\"has-small-font-size\">Cuisine et vie de camp<\/p>\n\n\n\n<p class=\"has-small-font-size\">Spectacles musicaux anciens<\/p>\n\n\n\n<p class=\"has-small-font-size\">Spectacle de th\u00e9\u00e2tre de rue<\/p>\n\n\n\n<p class=\"has-small-font-size\">Spectacle d&rsquo;\u00e9chasses<\/p>\n\n\n\n<p class=\"has-small-font-size\">Spectacle de feu m\u00e9di\u00e9val<\/p>\n\n\n\n<p class=\"has-small-font-size\">Parc du Ch\u00e2teau de Boussac<\/p>\n\n\n\n<p class=\"has-small-font-size\">Animations en soir\u00e9e<\/p>\n\n\n\n<p class=\"has-small-font-size\">Parc du Ch\u00e2teau de Boussac<\/p>\n\n\n\n<p class=\"has-small-font-size\">Bal avec initiation aux danses m\u00e9di\u00e9vales<\/p>\n\n\n\n<p class=\"has-small-font-size\">Banquet m\u00e9di\u00e9val<\/p>\n\n\n\n<p class=\"has-small-font-size\">pour tout renseignement <a href=\"chateaudeboussac@orange.fr\">chateaudeboussac@orange.fr<\/a> <\/p>\n\n\n\n<p class=\"has-small-font-size\">et <a href=\"festiboussacmedieval@gmail.com\">festiboussacmedieval@gmail.com <\/a><\/p>\n","protected":false},"excerpt":{"rendered":"<p>L&rsquo;\u00e9t\u00e9 2025 sera riche en animations au Ch\u00e2teau de Boussac : Hormis les habituels concerts et conf\u00e9rences marches, deux nouvelles animations pourraient vous int\u00e9resser Tout d&rsquo;abord une exposition temporaire CHEVALIERS compl\u00e8tera la visite des collections permanentes, pour tout renseignement chateaudeboussac@orange.fr Et les 26 et 27 juillet aura lieu dans le jardin public et le parc&hellip; <\/p>\n","protected":false},"author":1,"featured_media":408,"comment_status":"open","ping_status":"open","sticky":true,"template":"","format":"image","meta":[],"categories":[16],"tags":[14,21,20,19],"yoast_head":"<!-- This site is optimized with the Yoast SEO plugin v20.1 - https:\/\/yoast.com\/wordpress\/plugins\/seo\/ -->\n<title>Et\u00e9 2025 - Ch\u00e2teau de Boussac<\/title>\n<meta name=\"robots\" content=\"index, follow, max-snippet:-1, max-image-preview:large, max-video-preview:-1\" \/>\n<link rel=\"canonical\" href=\"https:\/\/www.chateaudeboussac.com\/?p=405\" \/>\n<meta property=\"og:locale\" content=\"fr_FR\" \/>\n<meta property=\"og:type\" content=\"article\" \/>\n<meta property=\"og:title\" content=\"Et\u00e9 2025 - Ch\u00e2teau de Boussac\" \/>\n<meta property=\"og:description\" content=\"L&rsquo;\u00e9t\u00e9 2025 sera riche en animations au Ch\u00e2teau de Boussac : Hormis les habituels concerts et conf\u00e9rences marches, deux nouvelles animations pourraient vous int\u00e9resser Tout d&rsquo;abord une exposition temporaire CHEVALIERS compl\u00e8tera la visite des collections permanentes, pour tout renseignement chateaudeboussac@orange.fr Et les 26 et 27 juillet aura lieu dans le jardin public et le parc&hellip;\" \/>\n<meta property=\"og:url\" content=\"https:\/\/www.chateaudeboussac.com\/?p=405\" \/>\n<meta property=\"og:site_name\" content=\"Ch\u00e2teau de Boussac\" \/>\n<meta property=\"article:published_time\" content=\"2025-04-04T12:02:31+00:00\" \/>\n<meta property=\"article:modified_time\" content=\"2025-04-04T12:11:22+00:00\" \/>\n<meta property=\"og:image\" content=\"https:\/\/www.chateaudeboussac.com\/wp-content\/uploads\/2025\/04\/AFFICHE_EXPO-1.jpg\" \/>\n\t<meta property=\"og:image:width\" content=\"835\" \/>\n\t<meta property=\"og:image:height\" content=\"1181\" \/>\n\t<meta property=\"og:image:type\" content=\"image\/jpeg\" \/>\n<meta name=\"author\" content=\"Ch\u00e2teaudeBoussac\" \/>\n<meta name=\"twitter:card\" content=\"summary_large_image\" \/>\n<meta name=\"twitter:label1\" content=\"\u00c9crit par\" \/>\n\t<meta name=\"twitter:data1\" content=\"Ch\u00e2teaudeBoussac\" \/>\n\t<meta name=\"twitter:label2\" content=\"Dur\u00e9e de lecture estim\u00e9e\" \/>\n\t<meta name=\"twitter:data2\" content=\"2 minutes\" \/>\n<script type=\"application\/ld+json\" class=\"yoast-schema-graph\">{\"@context\":\"https:\/\/schema.org\",\"@graph\":[{\"@type\":\"WebPage\",\"@id\":\"https:\/\/www.chateaudeboussac.com\/?p=405\",\"url\":\"https:\/\/www.chateaudeboussac.com\/?p=405\",\"name\":\"Et\u00e9 2025 - Ch\u00e2teau de Boussac\",\"isPartOf\":{\"@id\":\"https:\/\/www.chateaudeboussac.com\/#website\"},\"datePublished\":\"2025-04-04T12:02:31+00:00\",\"dateModified\":\"2025-04-04T12:11:22+00:00\",\"author\":{\"@id\":\"https:\/\/www.chateaudeboussac.com\/#\/schema\/person\/813d90f797d0b93256e729b3dbd89961\"},\"breadcrumb\":{\"@id\":\"https:\/\/www.chateaudeboussac.com\/?p=405#breadcrumb\"},\"inLanguage\":\"fr-FR\",\"potentialAction\":[{\"@type\":\"ReadAction\",\"target\":[\"https:\/\/www.chateaudeboussac.com\/?p=405\"]}]},{\"@type\":\"BreadcrumbList\",\"@id\":\"https:\/\/www.chateaudeboussac.com\/?p=405#breadcrumb\",\"itemListElement\":[{\"@type\":\"ListItem\",\"position\":1,\"name\":\"Accueil\",\"item\":\"https:\/\/www.chateaudeboussac.com\/\"},{\"@type\":\"ListItem\",\"position\":2,\"name\":\"Et\u00e9 2025\"}]},{\"@type\":\"WebSite\",\"@id\":\"https:\/\/www.chateaudeboussac.com\/#website\",\"url\":\"https:\/\/www.chateaudeboussac.com\/\",\"name\":\"Ch\u00e2teau de Boussac\",\"description\":\"Le Ch\u00e2teau de la Dame \u00e0 la Licorne\",\"potentialAction\":[{\"@type\":\"SearchAction\",\"target\":{\"@type\":\"EntryPoint\",\"urlTemplate\":\"https:\/\/www.chateaudeboussac.com\/?s={search_term_string}\"},\"query-input\":\"required name=search_term_string\"}],\"inLanguage\":\"fr-FR\"},{\"@type\":\"Person\",\"@id\":\"https:\/\/www.chateaudeboussac.com\/#\/schema\/person\/813d90f797d0b93256e729b3dbd89961\",\"name\":\"Ch\u00e2teaudeBoussac\",\"image\":{\"@type\":\"ImageObject\",\"inLanguage\":\"fr-FR\",\"@id\":\"https:\/\/www.chateaudeboussac.com\/#\/schema\/person\/image\/\",\"url\":\"https:\/\/secure.gravatar.com\/avatar\/9d6c2a7f55f7b79b7f4954dfcaffc4d7?s=96&d=mm&r=g\",\"contentUrl\":\"https:\/\/secure.gravatar.com\/avatar\/9d6c2a7f55f7b79b7f4954dfcaffc4d7?s=96&d=mm&r=g\",\"caption\":\"Ch\u00e2teaudeBoussac\"},\"url\":\"https:\/\/www.chateaudeboussac.com\/?author=1\"}]}<\/script>\n<!-- \/ Yoast SEO plugin. -->","yoast_head_json":{"title":"Et\u00e9 2025 - Ch\u00e2teau de Boussac","robots":{"index":"index","follow":"follow","max-snippet":"max-snippet:-1","max-image-preview":"max-image-preview:large","max-video-preview":"max-video-preview:-1"},"canonical":"https:\/\/www.chateaudeboussac.com\/?p=405","og_locale":"fr_FR","og_type":"article","og_title":"Et\u00e9 2025 - Ch\u00e2teau de Boussac","og_description":"L&rsquo;\u00e9t\u00e9 2025 sera riche en animations au Ch\u00e2teau de Boussac : Hormis les habituels concerts et conf\u00e9rences marches, deux nouvelles animations pourraient vous int\u00e9resser Tout d&rsquo;abord une exposition temporaire CHEVALIERS compl\u00e8tera la visite des collections permanentes, pour tout renseignement chateaudeboussac@orange.fr Et les 26 et 27 juillet aura lieu dans le jardin public et le parc&hellip;","og_url":"https:\/\/www.chateaudeboussac.com\/?p=405","og_site_name":"Ch\u00e2teau de Boussac","article_published_time":"2025-04-04T12:02:31+00:00","article_modified_time":"2025-04-04T12:11:22+00:00","og_image":[{"width":835,"height":1181,"url":"https:\/\/www.chateaudeboussac.com\/wp-content\/uploads\/2025\/04\/AFFICHE_EXPO-1.jpg","type":"image\/jpeg"}],"author":"Ch\u00e2teaudeBoussac","twitter_card":"summary_large_image","twitter_misc":{"\u00c9crit par":"Ch\u00e2teaudeBoussac","Dur\u00e9e de lecture estim\u00e9e":"2 minutes"},"schema":{"@context":"https:\/\/schema.org","@graph":[{"@type":"WebPage","@id":"https:\/\/www.chateaudeboussac.com\/?p=405","url":"https:\/\/www.chateaudeboussac.com\/?p=405","name":"Et\u00e9 2025 - Ch\u00e2teau de Boussac","isPartOf":{"@id":"https:\/\/www.chateaudeboussac.com\/#website"},"datePublished":"2025-04-04T12:02:31+00:00","dateModified":"2025-04-04T12:11:22+00:00","author":{"@id":"https:\/\/www.chateaudeboussac.com\/#\/schema\/person\/813d90f797d0b93256e729b3dbd89961"},"breadcrumb":{"@id":"https:\/\/www.chateaudeboussac.com\/?p=405#breadcrumb"},"inLanguage":"fr-FR","potentialAction":[{"@type":"ReadAction","target":["https:\/\/www.chateaudeboussac.com\/?p=405"]}]},{"@type":"BreadcrumbList","@id":"https:\/\/www.chateaudeboussac.com\/?p=405#breadcrumb","itemListElement":[{"@type":"ListItem","position":1,"name":"Accueil","item":"https:\/\/www.chateaudeboussac.com\/"},{"@type":"ListItem","position":2,"name":"Et\u00e9 2025"}]},{"@type":"WebSite","@id":"https:\/\/www.chateaudeboussac.com\/#website","url":"https:\/\/www.chateaudeboussac.com\/","name":"Ch\u00e2teau de Boussac","description":"Le Ch\u00e2teau de la Dame \u00e0 la Licorne","potentialAction":[{"@type":"SearchAction","target":{"@type":"EntryPoint","urlTemplate":"https:\/\/www.chateaudeboussac.com\/?s={search_term_string}"},"query-input":"required name=search_term_string"}],"inLanguage":"fr-FR"},{"@type":"Person","@id":"https:\/\/www.chateaudeboussac.com\/#\/schema\/person\/813d90f797d0b93256e729b3dbd89961","name":"Ch\u00e2teaudeBoussac","image":{"@type":"ImageObject","inLanguage":"fr-FR","@id":"https:\/\/www.chateaudeboussac.com\/#\/schema\/person\/image\/","url":"https:\/\/secure.gravatar.com\/avatar\/9d6c2a7f55f7b79b7f4954dfcaffc4d7?s=96&d=mm&r=g","contentUrl":"https:\/\/secure.gravatar.com\/avatar\/9d6c2a7f55f7b79b7f4954dfcaffc4d7?s=96&d=mm&r=g","caption":"Ch\u00e2teaudeBoussac"},"url":"https:\/\/www.chateaudeboussac.com\/?author=1"}]}},"_links":{"self":[{"href":"https:\/\/www.chateaudeboussac.com\/index.php?rest_route=\/wp\/v2\/posts\/405"}],"collection":[{"href":"https:\/\/www.chateaudeboussac.com\/index.php?rest_route=\/wp\/v2\/posts"}],"about":[{"href":"https:\/\/www.chateaudeboussac.com\/index.php?rest_route=\/wp\/v2\/types\/post"}],"author":[{"embeddable":true,"href":"https:\/\/www.chateaudeboussac.com\/index.php?rest_route=\/wp\/v2\/users\/1"}],"replies":[{"embeddable":true,"href":"https:\/\/www.chateaudeboussac.com\/index.php?rest_route=%2Fwp%2Fv2%2Fcomments&post=405"}],"version-history":[{"count":3,"href":"https:\/\/www.chateaudeboussac.com\/index.php?rest_route=\/wp\/v2\/posts\/405\/revisions"}],"predecessor-version":[{"id":412,"href":"https:\/\/www.chateaudeboussac.com\/index.php?rest_route=\/wp\/v2\/posts\/405\/revisions\/412"}],"wp:featuredmedia":[{"embeddable":true,"href":"https:\/\/www.chateaudeboussac.com\/index.php?rest_route=\/wp\/v2\/media\/408"}],"wp:attachment":[{"href":"https:\/\/www.chateaudeboussac.com\/index.php?rest_route=%2Fwp%2Fv2%2Fmedia&parent=405"}],"wp:term":[{"taxonomy":"category","embeddable":true,"href":"https:\/\/www.chateaudeboussac.com\/index.php?rest_route=%2Fwp%2Fv2%2Fcategories&post=405"},{"taxonomy":"post_tag","embeddable":true,"href":"https:\/\/www.chateaudeboussac.com\/index.php?rest_route=%2Fwp%2Fv2%2Ftags&post=405"}],"curies":[{"name":"wp","href":"https:\/\/api.w.org\/{rel}","templated":true}]}}