{"id":399,"date":"2023-09-11T09:30:34","date_gmt":"2023-09-11T07:30:34","guid":{"rendered":"https:\/\/www.chateaudeboussac.com\/?p=399"},"modified":"2023-09-11T09:38:19","modified_gmt":"2023-09-11T07:38:19","slug":"journees-du-patrimoine-2023","status":"publish","type":"post","link":"https:\/\/www.chateaudeboussac.com\/?p=399","title":{"rendered":"Journ\u00e9es du Patrimoine 2023"},"content":{"rendered":"\n<h2 class=\"has-vivid-green-cyan-color has-text-color\">Ouverture les 16 et 17 septembre avec un tarif r\u00e9duit pr\u00e9f\u00e9rentiel <\/h2>\n\n\n\n<figure class=\"wp-block-image size-large\"><img loading=\"lazy\" width=\"1024\" height=\"1024\" src=\"https:\/\/www.chateaudeboussac.com\/wp-content\/uploads\/2023\/09\/Capture-decran-2023-09-10-a-14.23.20-1024x1024.png\" alt=\"\" class=\"wp-image-400\" srcset=\"https:\/\/www.chateaudeboussac.com\/wp-content\/uploads\/2023\/09\/Capture-decran-2023-09-10-a-14.23.20-1024x1024.png 1024w, https:\/\/www.chateaudeboussac.com\/wp-content\/uploads\/2023\/09\/Capture-decran-2023-09-10-a-14.23.20-300x300.png 300w, https:\/\/www.chateaudeboussac.com\/wp-content\/uploads\/2023\/09\/Capture-decran-2023-09-10-a-14.23.20-150x150.png 150w, https:\/\/www.chateaudeboussac.com\/wp-content\/uploads\/2023\/09\/Capture-decran-2023-09-10-a-14.23.20-768x769.png 768w, https:\/\/www.chateaudeboussac.com\/wp-content\/uploads\/2023\/09\/Capture-decran-2023-09-10-a-14.23.20-1534x1536.png 1534w, https:\/\/www.chateaudeboussac.com\/wp-content\/uploads\/2023\/09\/Capture-decran-2023-09-10-a-14.23.20.png 1912w\" sizes=\"(max-width: 1024px) 100vw, 1024px\" \/><\/figure>\n\n\n\n<p class=\"has-vivid-green-cyan-color has-text-color\">Cr\u00e9\u00e9es en&nbsp;1984&nbsp;&nbsp;sous le nom de \u00ab&nbsp;Journ\u00e9es&nbsp;Portes ouvertes des&nbsp;monuments historiques&nbsp;\u00bb &nbsp;par le minist\u00e8re de la Culture, elles ont pour objectif de montrer au plus grand nombre la richesse&nbsp;extraordinaire&nbsp;de notre&nbsp;patrimoine&nbsp;au travers de&nbsp;rendez-vous&nbsp;in\u00e9dits, de&nbsp;visites insolites, et d\u2019ouvertures exceptionnelles. Ces \u00e9v\u00e9nements locaux se d\u00e9roulent avec une&nbsp;<strong>gratuit\u00e9&nbsp;de principe dans les&nbsp;monuments&nbsp;publics, et \u00e0 tarifs r\u00e9duits pour la grande majorit\u00e9 des \u00e9tablissements priv\u00e9s<\/strong> participant \u00e0 la manifestation. <\/p>\n\n\n\n<p class=\"has-vivid-green-cyan-color has-text-color\">Le ch\u00e2teau de Boussac en tant que monument historique priv\u00e9 propose un tarif r\u00e9duit de 10 euros au lieu des 12 euros habituels.<\/p>\n\n\n\n<p><\/p>\n\n\n\n<p><\/p>\n\n\n\n<p><\/p>\n\n\n\n<p><\/p>\n","protected":false},"excerpt":{"rendered":"<p>Ouverture les 16 et 17 septembre avec un tarif r\u00e9duit pr\u00e9f\u00e9rentiel Cr\u00e9\u00e9es en&nbsp;1984&nbsp;&nbsp;sous le nom de \u00ab&nbsp;Journ\u00e9es&nbsp;Portes ouvertes des&nbsp;monuments historiques&nbsp;\u00bb &nbsp;par le minist\u00e8re de la Culture, elles ont pour objectif de montrer au plus grand nombre la richesse&nbsp;extraordinaire&nbsp;de notre&nbsp;patrimoine&nbsp;au travers de&nbsp;rendez-vous&nbsp;in\u00e9dits, de&nbsp;visites insolites, et d\u2019ouvertures exceptionnelles. Ces \u00e9v\u00e9nements locaux se d\u00e9roulent avec une&nbsp;gratuit\u00e9&nbsp;de principe dans&hellip; <\/p>\n","protected":false},"author":1,"featured_media":0,"comment_status":"open","ping_status":"open","sticky":false,"template":"","format":"standard","meta":[],"categories":[1],"tags":[],"yoast_head":"<!-- This site is optimized with the Yoast SEO plugin v20.1 - https:\/\/yoast.com\/wordpress\/plugins\/seo\/ -->\n<title>Journ\u00e9es du Patrimoine 2023 - Ch\u00e2teau de Boussac<\/title>\n<meta name=\"robots\" content=\"index, follow, max-snippet:-1, max-image-preview:large, max-video-preview:-1\" \/>\n<link rel=\"canonical\" href=\"https:\/\/www.chateaudeboussac.com\/?p=399\" \/>\n<meta property=\"og:locale\" content=\"fr_FR\" \/>\n<meta property=\"og:type\" content=\"article\" \/>\n<meta property=\"og:title\" content=\"Journ\u00e9es du Patrimoine 2023 - Ch\u00e2teau de Boussac\" \/>\n<meta property=\"og:description\" content=\"Ouverture les 16 et 17 septembre avec un tarif r\u00e9duit pr\u00e9f\u00e9rentiel Cr\u00e9\u00e9es en&nbsp;1984&nbsp;&nbsp;sous le nom de \u00ab&nbsp;Journ\u00e9es&nbsp;Portes ouvertes des&nbsp;monuments historiques&nbsp;\u00bb &nbsp;par le minist\u00e8re de la Culture, elles ont pour objectif de montrer au plus grand nombre la richesse&nbsp;extraordinaire&nbsp;de notre&nbsp;patrimoine&nbsp;au travers de&nbsp;rendez-vous&nbsp;in\u00e9dits, de&nbsp;visites insolites, et d\u2019ouvertures exceptionnelles. Ces \u00e9v\u00e9nements locaux se d\u00e9roulent avec une&nbsp;gratuit\u00e9&nbsp;de principe dans&hellip;\" \/>\n<meta property=\"og:url\" content=\"https:\/\/www.chateaudeboussac.com\/?p=399\" \/>\n<meta property=\"og:site_name\" content=\"Ch\u00e2teau de Boussac\" \/>\n<meta property=\"article:published_time\" content=\"2023-09-11T07:30:34+00:00\" \/>\n<meta property=\"article:modified_time\" content=\"2023-09-11T07:38:19+00:00\" \/>\n<meta property=\"og:image\" content=\"https:\/\/www.chateaudeboussac.com\/wp-content\/uploads\/2023\/09\/Capture-decran-2023-09-10-a-14.23.20-1024x1024.png\" \/>\n<meta name=\"author\" content=\"Ch\u00e2teaudeBoussac\" \/>\n<meta name=\"twitter:card\" content=\"summary_large_image\" \/>\n<meta name=\"twitter:label1\" content=\"\u00c9crit par\" \/>\n\t<meta name=\"twitter:data1\" content=\"Ch\u00e2teaudeBoussac\" \/>\n\t<meta name=\"twitter:label2\" content=\"Dur\u00e9e de lecture estim\u00e9e\" \/>\n\t<meta name=\"twitter:data2\" content=\"1 minute\" \/>\n<script type=\"application\/ld+json\" class=\"yoast-schema-graph\">{\"@context\":\"https:\/\/schema.org\",\"@graph\":[{\"@type\":\"WebPage\",\"@id\":\"https:\/\/www.chateaudeboussac.com\/?p=399\",\"url\":\"https:\/\/www.chateaudeboussac.com\/?p=399\",\"name\":\"Journ\u00e9es du Patrimoine 2023 - Ch\u00e2teau de Boussac\",\"isPartOf\":{\"@id\":\"https:\/\/www.chateaudeboussac.com\/#website\"},\"datePublished\":\"2023-09-11T07:30:34+00:00\",\"dateModified\":\"2023-09-11T07:38:19+00:00\",\"author\":{\"@id\":\"https:\/\/www.chateaudeboussac.com\/#\/schema\/person\/813d90f797d0b93256e729b3dbd89961\"},\"breadcrumb\":{\"@id\":\"https:\/\/www.chateaudeboussac.com\/?p=399#breadcrumb\"},\"inLanguage\":\"fr-FR\",\"potentialAction\":[{\"@type\":\"ReadAction\",\"target\":[\"https:\/\/www.chateaudeboussac.com\/?p=399\"]}]},{\"@type\":\"BreadcrumbList\",\"@id\":\"https:\/\/www.chateaudeboussac.com\/?p=399#breadcrumb\",\"itemListElement\":[{\"@type\":\"ListItem\",\"position\":1,\"name\":\"Accueil\",\"item\":\"https:\/\/www.chateaudeboussac.com\/\"},{\"@type\":\"ListItem\",\"position\":2,\"name\":\"Journ\u00e9es du Patrimoine 2023\"}]},{\"@type\":\"WebSite\",\"@id\":\"https:\/\/www.chateaudeboussac.com\/#website\",\"url\":\"https:\/\/www.chateaudeboussac.com\/\",\"name\":\"Ch\u00e2teau de Boussac\",\"description\":\"Le Ch\u00e2teau de la Dame \u00e0 la Licorne\",\"potentialAction\":[{\"@type\":\"SearchAction\",\"target\":{\"@type\":\"EntryPoint\",\"urlTemplate\":\"https:\/\/www.chateaudeboussac.com\/?s={search_term_string}\"},\"query-input\":\"required name=search_term_string\"}],\"inLanguage\":\"fr-FR\"},{\"@type\":\"Person\",\"@id\":\"https:\/\/www.chateaudeboussac.com\/#\/schema\/person\/813d90f797d0b93256e729b3dbd89961\",\"name\":\"Ch\u00e2teaudeBoussac\",\"image\":{\"@type\":\"ImageObject\",\"inLanguage\":\"fr-FR\",\"@id\":\"https:\/\/www.chateaudeboussac.com\/#\/schema\/person\/image\/\",\"url\":\"https:\/\/secure.gravatar.com\/avatar\/9d6c2a7f55f7b79b7f4954dfcaffc4d7?s=96&d=mm&r=g\",\"contentUrl\":\"https:\/\/secure.gravatar.com\/avatar\/9d6c2a7f55f7b79b7f4954dfcaffc4d7?s=96&d=mm&r=g\",\"caption\":\"Ch\u00e2teaudeBoussac\"},\"url\":\"https:\/\/www.chateaudeboussac.com\/?author=1\"}]}<\/script>\n<!-- \/ Yoast SEO plugin. -->","yoast_head_json":{"title":"Journ\u00e9es du Patrimoine 2023 - Ch\u00e2teau de Boussac","robots":{"index":"index","follow":"follow","max-snippet":"max-snippet:-1","max-image-preview":"max-image-preview:large","max-video-preview":"max-video-preview:-1"},"canonical":"https:\/\/www.chateaudeboussac.com\/?p=399","og_locale":"fr_FR","og_type":"article","og_title":"Journ\u00e9es du Patrimoine 2023 - Ch\u00e2teau de Boussac","og_description":"Ouverture les 16 et 17 septembre avec un tarif r\u00e9duit pr\u00e9f\u00e9rentiel Cr\u00e9\u00e9es en&nbsp;1984&nbsp;&nbsp;sous le nom de \u00ab&nbsp;Journ\u00e9es&nbsp;Portes ouvertes des&nbsp;monuments historiques&nbsp;\u00bb &nbsp;par le minist\u00e8re de la Culture, elles ont pour objectif de montrer au plus grand nombre la richesse&nbsp;extraordinaire&nbsp;de notre&nbsp;patrimoine&nbsp;au travers de&nbsp;rendez-vous&nbsp;in\u00e9dits, de&nbsp;visites insolites, et d\u2019ouvertures exceptionnelles. Ces \u00e9v\u00e9nements locaux se d\u00e9roulent avec une&nbsp;gratuit\u00e9&nbsp;de principe dans&hellip;","og_url":"https:\/\/www.chateaudeboussac.com\/?p=399","og_site_name":"Ch\u00e2teau de Boussac","article_published_time":"2023-09-11T07:30:34+00:00","article_modified_time":"2023-09-11T07:38:19+00:00","og_image":[{"url":"https:\/\/www.chateaudeboussac.com\/wp-content\/uploads\/2023\/09\/Capture-decran-2023-09-10-a-14.23.20-1024x1024.png"}],"author":"Ch\u00e2teaudeBoussac","twitter_card":"summary_large_image","twitter_misc":{"\u00c9crit par":"Ch\u00e2teaudeBoussac","Dur\u00e9e de lecture estim\u00e9e":"1 minute"},"schema":{"@context":"https:\/\/schema.org","@graph":[{"@type":"WebPage","@id":"https:\/\/www.chateaudeboussac.com\/?p=399","url":"https:\/\/www.chateaudeboussac.com\/?p=399","name":"Journ\u00e9es du Patrimoine 2023 - Ch\u00e2teau de Boussac","isPartOf":{"@id":"https:\/\/www.chateaudeboussac.com\/#website"},"datePublished":"2023-09-11T07:30:34+00:00","dateModified":"2023-09-11T07:38:19+00:00","author":{"@id":"https:\/\/www.chateaudeboussac.com\/#\/schema\/person\/813d90f797d0b93256e729b3dbd89961"},"breadcrumb":{"@id":"https:\/\/www.chateaudeboussac.com\/?p=399#breadcrumb"},"inLanguage":"fr-FR","potentialAction":[{"@type":"ReadAction","target":["https:\/\/www.chateaudeboussac.com\/?p=399"]}]},{"@type":"BreadcrumbList","@id":"https:\/\/www.chateaudeboussac.com\/?p=399#breadcrumb","itemListElement":[{"@type":"ListItem","position":1,"name":"Accueil","item":"https:\/\/www.chateaudeboussac.com\/"},{"@type":"ListItem","position":2,"name":"Journ\u00e9es du Patrimoine 2023"}]},{"@type":"WebSite","@id":"https:\/\/www.chateaudeboussac.com\/#website","url":"https:\/\/www.chateaudeboussac.com\/","name":"Ch\u00e2teau de Boussac","description":"Le Ch\u00e2teau de la Dame \u00e0 la Licorne","potentialAction":[{"@type":"SearchAction","target":{"@type":"EntryPoint","urlTemplate":"https:\/\/www.chateaudeboussac.com\/?s={search_term_string}"},"query-input":"required name=search_term_string"}],"inLanguage":"fr-FR"},{"@type":"Person","@id":"https:\/\/www.chateaudeboussac.com\/#\/schema\/person\/813d90f797d0b93256e729b3dbd89961","name":"Ch\u00e2teaudeBoussac","image":{"@type":"ImageObject","inLanguage":"fr-FR","@id":"https:\/\/www.chateaudeboussac.com\/#\/schema\/person\/image\/","url":"https:\/\/secure.gravatar.com\/avatar\/9d6c2a7f55f7b79b7f4954dfcaffc4d7?s=96&d=mm&r=g","contentUrl":"https:\/\/secure.gravatar.com\/avatar\/9d6c2a7f55f7b79b7f4954dfcaffc4d7?s=96&d=mm&r=g","caption":"Ch\u00e2teaudeBoussac"},"url":"https:\/\/www.chateaudeboussac.com\/?author=1"}]}},"_links":{"self":[{"href":"https:\/\/www.chateaudeboussac.com\/index.php?rest_route=\/wp\/v2\/posts\/399"}],"collection":[{"href":"https:\/\/www.chateaudeboussac.com\/index.php?rest_route=\/wp\/v2\/posts"}],"about":[{"href":"https:\/\/www.chateaudeboussac.com\/index.php?rest_route=\/wp\/v2\/types\/post"}],"author":[{"embeddable":true,"href":"https:\/\/www.chateaudeboussac.com\/index.php?rest_route=\/wp\/v2\/users\/1"}],"replies":[{"embeddable":true,"href":"https:\/\/www.chateaudeboussac.com\/index.php?rest_route=%2Fwp%2Fv2%2Fcomments&post=399"}],"version-history":[{"count":2,"href":"https:\/\/www.chateaudeboussac.com\/index.php?rest_route=\/wp\/v2\/posts\/399\/revisions"}],"predecessor-version":[{"id":402,"href":"https:\/\/www.chateaudeboussac.com\/index.php?rest_route=\/wp\/v2\/posts\/399\/revisions\/402"}],"wp:attachment":[{"href":"https:\/\/www.chateaudeboussac.com\/index.php?rest_route=%2Fwp%2Fv2%2Fmedia&parent=399"}],"wp:term":[{"taxonomy":"category","embeddable":true,"href":"https:\/\/www.chateaudeboussac.com\/index.php?rest_route=%2Fwp%2Fv2%2Fcategories&post=399"},{"taxonomy":"post_tag","embeddable":true,"href":"https:\/\/www.chateaudeboussac.com\/index.php?rest_route=%2Fwp%2Fv2%2Ftags&post=399"}],"curies":[{"name":"wp","href":"https:\/\/api.w.org\/{rel}","templated":true}]}}